{"id":16378,"date":"2018-07-06T10:40:35","date_gmt":"2018-07-06T09:40:35","guid":{"rendered":"https:\/\/www.lesbarres.com\/blog\/?p=16378"},"modified":"2018-07-06T10:40:35","modified_gmt":"2018-07-06T09:40:35","slug":"la-base-filante-la-nouvelle-terrasse-ephemere","status":"publish","type":"post","link":"https:\/\/www.lesbarres.com\/blog\/la-base-filante-la-nouvelle-terrasse-ephemere\/","title":{"rendered":"La base Filante, la nouvelle terrasse \u00e9ph\u00e9m\u00e8re"},"content":{"rendered":"<p style=\"text-align: justify;\">Friche \u00e0 ciel ouvert de 3 000 m2, la Base Filante a ouvert ses portes ce mercredi 4 juillet sur le Boulevard de M\u00e9nilmontant \u00e0 Paris pour notre plus grand plaisir. En collaboration avec quatre collectifs, on retrouve ainsi les fondateurs de La Brasserie Fondamentale (L.B.F), Earnest, Ancoast, Louis Kerveillant et Damien Borjesson. Au programme\u00a0: collectifs d\u2019artistes, barbecues g\u00e9ants, Dj-sets et plein d\u2019autres.<\/p>\n<p style=\"text-align: justify;\"><a href=\"https:\/\/www.lesbarres.com\/blog\/wp-content\/uploads\/2018\/07\/Capture-d\u2019e\u0301cran-2018-07-06-a\u0300-11.21.24-min.png\"><img decoding=\"async\" loading=\"lazy\" class=\"aligncenter size-full wp-image-16382\" src=\"https:\/\/www.lesbarres.com\/blog\/wp-content\/uploads\/2018\/07\/Capture-d\u2019e\u0301cran-2018-07-06-a\u0300-11.21.24-min.png\" alt=\"Capture d\u2019e\u0301cran 2018-07-06 a\u0300 11.21.24-min\" width=\"565\" height=\"559\" srcset=\"https:\/\/www.lesbarres.com\/blog\/wp-content\/uploads\/2018\/07\/Capture-d\u2019e\u0301cran-2018-07-06-a\u0300-11.21.24-min.png 565w, https:\/\/www.lesbarres.com\/blog\/wp-content\/uploads\/2018\/07\/Capture-d\u2019e\u0301cran-2018-07-06-a\u0300-11.21.24-min-300x297.png 300w, https:\/\/www.lesbarres.com\/blog\/wp-content\/uploads\/2018\/07\/Capture-d\u2019e\u0301cran-2018-07-06-a\u0300-11.21.24-min-52x50.png 52w, https:\/\/www.lesbarres.com\/blog\/wp-content\/uploads\/2018\/07\/Capture-d\u2019e\u0301cran-2018-07-06-a\u0300-11.21.24-min-66x66.png 66w\" sizes=\"(max-width: 565px) 100vw, 565px\" \/><\/a><\/p>\n<p style=\"text-align: justify;\">Le concept\u00a0? Un espace \u00e9ph\u00e9m\u00e8re en plein air immense, pr\u00e8s de 3 000 m2, avec une capacit\u00e9 d\u2019accueil de 1 500 personnes et situ\u00e9 en plein c\u0153ur de Paris dans le 11 \u00e8me arrondissement sur le Boulevard de M\u00e9nilmontant. Ouvert jusqu\u2019au 31 octobre, que vous soyez Parisiens ou de passage sur Paris, vous pourrez profiter de cet espace atypique \u00e0 la crois\u00e9e d\u2019une terrrasse \u00e9ph\u00e9m\u00e8re et d\u2019un lieu culturel afin de participer \u00e0 diff\u00e9rentes activit\u00e9s qui y sont propos\u00e9es. Ping-pong, siestes \u00e9lectroniques, Dj- sets, projections de match pendant toute la dur\u00e9e de la Coupe du monde, expositions artistiques ou encore plus surprenant escalade pour petits et grands.<\/p>\n<p style=\"text-align: justify;\"><a href=\"https:\/\/www.lesbarres.com\/blog\/wp-content\/uploads\/2018\/07\/Capture-d\u2019e\u0301cran-2018-07-06-a\u0300-11.29.35-min.png\"><img decoding=\"async\" loading=\"lazy\" class=\"aligncenter size-full wp-image-16379\" src=\"https:\/\/www.lesbarres.com\/blog\/wp-content\/uploads\/2018\/07\/Capture-d\u2019e\u0301cran-2018-07-06-a\u0300-11.29.35-min.png\" alt=\"Capture d\u2019e\u0301cran 2018-07-06 a\u0300 11.29.35-min\" width=\"631\" height=\"418\" srcset=\"https:\/\/www.lesbarres.com\/blog\/wp-content\/uploads\/2018\/07\/Capture-d\u2019e\u0301cran-2018-07-06-a\u0300-11.29.35-min.png 631w, https:\/\/www.lesbarres.com\/blog\/wp-content\/uploads\/2018\/07\/Capture-d\u2019e\u0301cran-2018-07-06-a\u0300-11.29.35-min-300x199.png 300w\" sizes=\"(max-width: 631px) 100vw, 631px\" \/><\/a><\/p>\n<p style=\"text-align: justify;\">La mise en place de cette friche, fa\u00e7on \u00ab\u00a0satellitaire\u00a0\u00bb, a \u00e9t\u00e9 imagin\u00e9 par L\u2019atelier Craft. Et cerise sur g\u00e2teau, un bar aux allures de \u00ab\u00a0capsule spatiale\u00a0\u00bb est situ\u00e9 au centre de cet espace pour vous proposer un large choix de bi\u00e8res artisanales mais \u00e9galement des jus de fruits frais parfait pour les hautes temp\u00e9ratures. C\u00f4t\u00e9 restauration, plusieurs food trucks s\u2019installeront pendant toute la dur\u00e9e de l\u2019occupation, du camion \u00e0 pizza aux barbecues argentins propos\u00e9s par Asado Club en passant par les salades d\u2019Arkose.<\/p>\n<p style=\"text-align: justify;\"><a href=\"https:\/\/www.lesbarres.com\/blog\/wp-content\/uploads\/2018\/07\/Capture-d\u2019e\u0301cran-2018-07-06-a\u0300-11.20.46-min.png\"><img decoding=\"async\" loading=\"lazy\" class=\"aligncenter size-full wp-image-16381\" src=\"https:\/\/www.lesbarres.com\/blog\/wp-content\/uploads\/2018\/07\/Capture-d\u2019e\u0301cran-2018-07-06-a\u0300-11.20.46-min.png\" alt=\"Capture d\u2019e\u0301cran 2018-07-06 a\u0300 11.20.46-min\" width=\"599\" height=\"601\" srcset=\"https:\/\/www.lesbarres.com\/blog\/wp-content\/uploads\/2018\/07\/Capture-d\u2019e\u0301cran-2018-07-06-a\u0300-11.20.46-min.png 599w, https:\/\/www.lesbarres.com\/blog\/wp-content\/uploads\/2018\/07\/Capture-d\u2019e\u0301cran-2018-07-06-a\u0300-11.20.46-min-150x150.png 150w, https:\/\/www.lesbarres.com\/blog\/wp-content\/uploads\/2018\/07\/Capture-d\u2019e\u0301cran-2018-07-06-a\u0300-11.20.46-min-300x300.png 300w, https:\/\/www.lesbarres.com\/blog\/wp-content\/uploads\/2018\/07\/Capture-d\u2019e\u0301cran-2018-07-06-a\u0300-11.20.46-min-66x66.png 66w\" sizes=\"(max-width: 599px) 100vw, 599px\" \/><\/a><\/p>\n<p style=\"text-align: justify;\">C\u00f4t\u00e9 musique, vous pourrez ainsi compter sur les membres du collectifs BLBC qui inviteront des artistes tel que Cracki Records ou encore Microclimat, et bien d\u2019autres collectifs interpr\u00e9tant en live ou \u00e0 travers les diff\u00e9rents DJ sets.<\/p>\n<p style=\"text-align: justify;\"><strong>49 Boulevard de M\u00e9nilmontant, Paris XIe. Du 4 juillet au 31 octobre 2018. Ouvert tous les jours. Entr\u00e9e libre.\u00a0<\/strong><\/p>\n<p style=\"text-align: center;\">&#8212;&#8212;<\/p>\n<p style=\"text-align: justify;\"><a href=\"https:\/\/www.lesbarres.com\/blog\/wp-content\/uploads\/2015\/04\/Paris_Bar-e1496142178153.png\"><img decoding=\"async\" loading=\"lazy\" class=\"aligncenter size-full wp-image-14443\" src=\"https:\/\/www.lesbarres.com\/blog\/wp-content\/uploads\/2015\/04\/Paris_Bar-e1496142178153.png\" alt=\"Paris_Bar\" width=\"393\" height=\"49\" \/><\/a><\/p>\n<p style=\"text-align: center;\">&#8212;&#8212;<\/p>\n<p>Si vous d\u00e9sirez b\u00e9n\u00e9ficier de nos conseils pour\u00a0<strong>trouver\u00a0un \u00e9tablissement\u00a0adapt\u00e9e \u00e0 votre projet<\/strong>, n\u2019h\u00e9sitez pas \u00e0 contacter notre conciergerie en ligne, accessible par t\u00e9l\u00e9phone (01 85 09 73 37), mail (contact@lesbarres.com) ou par chat int\u00e9gr\u00e9.<\/p>\n<p style=\"text-align: center;\">Rejoignez nous sur\u00a0<strong><a href=\"https:\/\/www.facebook.com\/Lesbarres.com.barclub\" target=\"_blank\">Facebook<\/a><\/strong>,\u00a0<strong><a href=\"https:\/\/twitter.com\/lesbarres\" target=\"_blank\">Twitter<\/a><\/strong>\u00a0ou encore\u00a0<strong><a href=\"https:\/\/www.instagram.com\/lesbarresoff\/\" target=\"_blank\">Instagram<\/a><\/strong>.<\/p>\n","protected":false},"excerpt":{"rendered":"<p>Friche \u00e0 ciel ouvert de 3 000 m2, la Base Filante a ouvert ses portes ce mercredi 4 juillet sur le Boulevard de M\u00e9nilmontant \u00e0 Paris pour notre plus grand plaisir. En collaboration avec quatre collectifs, on retrouve ainsi les fondateurs de La Brasserie Fondamentale (L.B.F), Earnest, Ancoast, Louis Kerveillant et Damien Borjesson. Au programme\u00a0: [&hellip;]<\/p>\n","protected":false},"author":2,"featured_media":16380,"comment_status":"open","ping_status":"open","sticky":false,"template":"","format":"standard","meta":[],"categories":[84,68],"tags":[],"_links":{"self":[{"href":"https:\/\/www.lesbarres.com\/blog\/wp-json\/wp\/v2\/posts\/16378"}],"collection":[{"href":"https:\/\/www.lesbarres.com\/blog\/wp-json\/wp\/v2\/posts"}],"about":[{"href":"https:\/\/www.lesbarres.com\/blog\/wp-json\/wp\/v2\/types\/post"}],"author":[{"embeddable":true,"href":"https:\/\/www.lesbarres.com\/blog\/wp-json\/wp\/v2\/users\/2"}],"replies":[{"embeddable":true,"href":"https:\/\/www.lesbarres.com\/blog\/wp-json\/wp\/v2\/comments?post=16378"}],"version-history":[{"count":2,"href":"https:\/\/www.lesbarres.com\/blog\/wp-json\/wp\/v2\/posts\/16378\/revisions"}],"predecessor-version":[{"id":16384,"href":"https:\/\/www.lesbarres.com\/blog\/wp-json\/wp\/v2\/posts\/16378\/revisions\/16384"}],"wp:featuredmedia":[{"embeddable":true,"href":"https:\/\/www.lesbarres.com\/blog\/wp-json\/wp\/v2\/media\/16380"}],"wp:attachment":[{"href":"https:\/\/www.lesbarres.com\/blog\/wp-json\/wp\/v2\/media?parent=16378"}],"wp:term":[{"taxonomy":"category","embeddable":true,"href":"https:\/\/www.lesbarres.com\/blog\/wp-json\/wp\/v2\/categories?post=16378"},{"taxonomy":"post_tag","embeddable":true,"href":"https:\/\/www.lesbarres.com\/blog\/wp-json\/wp\/v2\/tags?post=16378"}],"curies":[{"name":"wp","href":"https:\/\/api.w.org\/{rel}","templated":true}]}}