{"id":15346,"date":"2018-09-14T17:11:12","date_gmt":"2018-09-14T16:11:12","guid":{"rendered":"https:\/\/www.lesbarres.com\/blog\/?p=15346"},"modified":"2018-09-14T17:11:12","modified_gmt":"2018-09-14T16:11:12","slug":"top-loft-paris","status":"publish","type":"post","link":"https:\/\/www.lesbarres.com\/blog\/top-loft-paris\/","title":{"rendered":"Notre Top Loft \u00e0 Paris"},"content":{"rendered":"<p>Envie de passer une soir\u00e9e conviviale\u00a0dans un cadre chaleureux, intimiste et si possible avec une belle vue ? LesBarr\u00e9s ont ce qu&rsquo;il vous faut ! Gr\u00e2ce \u00e0 notre Top des Lofts \u00e0 Paris, d\u00e9couvrez les espaces les plus branch\u00e9s de la capitale et ses alentours. Offrez-vous la possibilit\u00e9 d&rsquo;organiser un \u00e9v\u00e9nement hors du commun. Si vous avez besoin de grands espaces pour une soir\u00e9e importante, n&rsquo;h\u00e9sitez pas \u00e0 aller faire un tour dans notre <span style=\"color: #000000;\"><a style=\"color: #000000;\" href=\"https:\/\/www.lesbarres.com\/top-paris-reserver-privatiser-salle\" target=\"_blank\"><strong>Top Salles \u00e0 Louer \u00e0 Paris<\/strong><\/a><\/span> !<\/p>\n<p style=\"text-align: center;\">\u2014\u2014\u2014\u2014\u2014\u2014\u2014\u2014<\/p>\n<p style=\"text-align: center;\"><a href=\"https:\/\/www.lesbarres.com\/top-reserver-privatiser-louer\/top-lofts-a-louer-paris\"><img decoding=\"async\" loading=\"lazy\" class=\"aligncenter size-full wp-image-14455\" src=\"https:\/\/www.lesbarres.com\/blog\/wp-content\/uploads\/2015\/04\/Paris_Salle-e1496156917403.png\" alt=\"Paris_Location\" width=\"393\" height=\"49\" \/><\/a><\/p>\n<p style=\"text-align: center;\">\u2014\u2014\u2014\u2014\u2014\u2014\u2014\u2014<\/p>\n<h2 style=\"text-align: left;\">1. Le Loft du Shake&rsquo;n Smash<\/h2>\n<p>87 rue de Turbigo, 75002 Paris<\/p>\n<p>Le Shake&rsquo;n Smash a ouvert cette ann\u00e9e un nouvel espace de r\u00e9servation. Et le moins qu&rsquo;on puisse en dire c&rsquo;est que \u00e7a en jette ! Ce Loft parisien se pr\u00eate parfaitement \u00e0 des soir\u00e9es d&rsquo;entreprises ou \u00e0 des anniversaires si vous d\u00e9sirez en mettre plein les yeux \u00e0 vos invit\u00e9s ! Vous pouvez le louer (2000 euros) si vous d\u00e9sirez ramener votre nourriture et vos boissons ou le privatiser (2500 euros de minimum de consommations) si vous d\u00e9sirez que la maison g\u00e8re tout. On recommande !<\/p>\n<p>R\u00e9servation &amp; infos : <a href=\"https:\/\/www.lesbarres.com\/etablissement\/le-shake-n-smash\" target=\"_blank\">Louer le Loft du Shake&rsquo;n Smash<\/a><\/p>\n<h2 style=\"text-align: left;\">2. Le Loft du Sacr\u00e9 C\u0153ur<\/h2>\n<p>Adresse secr\u00e8te, 75018 Paris<\/p>\n<p style=\"text-align: left;\">Cet incroyable triplex de 5 espaces pour 160M\u00b2 vous ouvre ses portes pour que vous puissiez organiser une soir\u00e9e inoubliable.\u00a0 Perch\u00e9 sur la butte Montmartre dans <span style=\"color: #000000;\"><strong><a style=\"color: #000000;\" href=\"https:\/\/www.lesbarres.com\/top-reserver-privatiser-louer\/top-salles-paris-18eme-75018\" target=\"_blank\">le 18\u00e8me arrondissement<\/a><\/strong><\/span>, le Loft du Sacr\u00e9 C\u0153ur vous offre une vue exceptionnelle sur toute la capitale. Un endroit luxueux et moderne id\u00e9al pour faire de votre \u00e9v\u00e9nement un grand moment.<\/p>\n<div id=\"attachment_15351\" style=\"width: 710px\" class=\"wp-caption aligncenter\"><a href=\"https:\/\/www.lesbarres.com\/blog\/wp-content\/uploads\/2017\/11\/loft-sacre-coeur-soiree-etudiante-paris-louer.jpg\"><img aria-describedby=\"caption-attachment-15351\" decoding=\"async\" loading=\"lazy\" class=\"size-full wp-image-15351\" src=\"https:\/\/www.lesbarres.com\/blog\/wp-content\/uploads\/2017\/11\/loft-sacre-coeur-soiree-etudiante-paris-louer.jpg\" alt=\"La vue depuis le Loft Du Sacr\u00e9 C\u0153ur \" width=\"700\" height=\"460\" srcset=\"https:\/\/www.lesbarres.com\/blog\/wp-content\/uploads\/2017\/11\/loft-sacre-coeur-soiree-etudiante-paris-louer.jpg 700w, https:\/\/www.lesbarres.com\/blog\/wp-content\/uploads\/2017\/11\/loft-sacre-coeur-soiree-etudiante-paris-louer-300x197.jpg 300w\" sizes=\"(max-width: 700px) 100vw, 700px\" \/><\/a><p id=\"caption-attachment-15351\" class=\"wp-caption-text\">La vue depuis le Loft Du Sacr\u00e9 C\u0153ur<\/p><\/div>\n<p>R\u00e9servation et Infos : <span style=\"color: #0000ff;\"><strong><a style=\"color: #0000ff;\" href=\"https:\/\/www.lesbarres.com\/etablissement\/le-loft-sacre-coeur\" target=\"_blank\">R\u00e9server le Loft du Sacr\u00e9-C\u0153ur\u00a0<\/a><\/strong><\/span><\/p>\n<h2>3. Le Loft des Champs-Elys\u00e9es<\/h2>\n<p>76 avenue des Champs Elys\u00e9es, 75008 Paris<\/p>\n<p>Situ\u00e9 sur la plus belle avenue du monde, cet \u00e9l\u00e9gant loft est tout \u00e9quip\u00e9 pour vous permettre de r\u00e9aliser simplement la soir\u00e9e de vos r\u00eaves. Un espace ouvert et chaleureux la journ\u00e9e aux allures de club la nuit, le Loft des Champs-Elys\u00e9es est le lieu qui saura garantir la r\u00e9ussite de votre \u00e9v\u00e9nement.<\/p>\n<p>R\u00e9servation &amp; Infos : <strong><span style=\"color: #0000ff;\"><a style=\"color: #0000ff;\" href=\"https:\/\/www.lesbarres.com\/etablissement\/le-loft-champs-elysees\" target=\"_blank\">R\u00e9server le Loft des Champs-Elys\u00e9es\u00a0<\/a><\/span><\/strong><\/p>\n<h2>4. Le Loft du Pianiste<\/h2>\n<p>100 Rue de la Folie M\u00e9ricourt, 75011 Paris<\/p>\n<p>Une ambiance cosy \u00e0 l&rsquo;allure New-yorkaise, c&rsquo;est ce que vous propose le Loft du Pianiste. A quelques pas du <a href=\"https:\/\/www.lesbarres.com\/top-reserver-privatiser-louer\/top-peniches-a-louer-paris\" target=\"_blank\"><span style=\"color: #000000;\"><strong>Canal Saint-Martin<\/strong><\/span><\/a>, ce lieu hors du commun est parfait pour organiser un \u00e9v\u00e8nement professionnel. En effet, le Loft du Pianiste est une v\u00e9ritable invitation \u00e0 la d\u00e9tente et \u00e0 la convivialit\u00e9.<\/p>\n<div id=\"attachment_15353\" style=\"width: 710px\" class=\"wp-caption aligncenter\"><a href=\"https:\/\/www.lesbarres.com\/blog\/wp-content\/uploads\/2017\/11\/732e4c06d6129f2fb10680a994ac1d041fd190c7.jpg\"><img aria-describedby=\"caption-attachment-15353\" decoding=\"async\" loading=\"lazy\" class=\"size-full wp-image-15353\" src=\"https:\/\/www.lesbarres.com\/blog\/wp-content\/uploads\/2017\/11\/732e4c06d6129f2fb10680a994ac1d041fd190c7.jpg\" alt=\"Le Loft du Pianiste \" width=\"700\" height=\"460\" srcset=\"https:\/\/www.lesbarres.com\/blog\/wp-content\/uploads\/2017\/11\/732e4c06d6129f2fb10680a994ac1d041fd190c7.jpg 700w, https:\/\/www.lesbarres.com\/blog\/wp-content\/uploads\/2017\/11\/732e4c06d6129f2fb10680a994ac1d041fd190c7-300x197.jpg 300w\" sizes=\"(max-width: 700px) 100vw, 700px\" \/><\/a><p id=\"caption-attachment-15353\" class=\"wp-caption-text\">Le Loft du Pianiste<\/p><\/div>\n<p>R\u00e9servation &amp; Infos : <span style=\"color: #0000ff;\"><strong><a style=\"color: #0000ff;\" href=\"https:\/\/www.lesbarres.com\/etablissement\/le-loft-du-pianiste\" target=\"_blank\">R\u00e9server le Loft du Pianiste<\/a><\/strong><\/span><\/p>\n<h2>5. Le Loft I Fratelli<\/h2>\n<p>60 Avenue Pierre Mend\u00e8s-France, 75013 Paris<\/p>\n<p>Un luxueux loft o\u00f9 r\u00e8gne une ambiance de f\u00eate permanente, le I Fratelli met \u00e0 disposition une grande terrasse ainsi qu&rsquo;un espace ouvert en int\u00e9rieur pour une capacit\u00e9 d&rsquo;accueil maximale de 350 convives. L&rsquo;endroit comporte \u00e9galement une cuisine et est \u00e9quip\u00e9 pour que vous puissiez proposer \u00e0 vos invit\u00e9s une ambiance de dingue, <a href=\"https:\/\/www.lesbarres.com\/top-reserver-privatiser-louer\/top-salles-pour-un-anniversaire-paris\" target=\"_blank\"><span style=\"color: #000000;\"><strong>lors d&rsquo;un anniversaire<\/strong><\/span><\/a> par exemple !<\/p>\n<p>R\u00e9servation et Infos : <span style=\"color: #0000ff;\"><strong><a style=\"color: #0000ff;\" href=\"https:\/\/www.lesbarres.com\/etablissement\/le-loft-i-fratelli\" target=\"_blank\">R\u00e9server le Loft I Fratelli<\/a><\/strong><\/span><\/p>\n<h2>6. Le Loft Montaigne<\/h2>\n<p>8 rue Marbeuf, 75008 Paris<\/p>\n<p>Le Loft Montaigne, \u00e0 deux pas de l&rsquo;avenue George V, est un bel appartement parisien de 220M\u00b2 \u00e0 la d\u00e9coration sobre et moderne. <a href=\"https:\/\/www.lesbarres.com\/top-reserver-privatiser-louer\/top-salles-pour-une-soiree-d-entreprise-paris\" target=\"_blank\"><span style=\"color: #000000;\"><strong>Parfait pour les \u00e9v\u00e9nements d&rsquo;entreprise<\/strong><\/span><\/a>, le Loft Montaigne se pr\u00eate parfaitement \u00e0 un cadre d\u00e9contract\u00e9 entre coll\u00e8gue ou simplement \u00e0 un cocktail entre amis, le charme \u00e0 la fran\u00e7aise en plus !<\/p>\n<p>R\u00e9servation et Infos : <span style=\"color: #0000ff;\"><strong><a style=\"color: #0000ff;\" href=\"https:\/\/www.lesbarres.com\/etablissement\/le-loft-montaigne\" target=\"_blank\">R\u00e9server le Loft Montaigne<\/a><\/strong><\/span><\/p>\n<h2>7. Le Loft Bastille<\/h2>\n<p>48 Rue Godefroy Cavaignac, 75011 Paris<\/p>\n<p>De la piscine d&rsquo;int\u00e9rieur \u00e0 la terrasse cosy, vous trouverez forc\u00e9ment votre bonheur dans l&rsquo;un des espaces du Loft Bastille. Tout y est : un syst\u00e8me de son de qualit\u00e9 dans tous le loft, un ameublement moderne et qui s&rsquo;adapte \u00e0 votre projet, une capacit\u00e9 d&rsquo;accueil maximale de 240 personnes&#8230; Bref, une opportunit\u00e9 de choix pour que vous puissiez r\u00e9aliser la soir\u00e9e de l&rsquo;ann\u00e9e !<\/p>\n<div id=\"attachment_15359\" style=\"width: 710px\" class=\"wp-caption aligncenter\"><a href=\"https:\/\/www.lesbarres.com\/blog\/wp-content\/uploads\/2017\/11\/c3b6b5e012f69e46b6fee2181583b562eefb8e03.jpg\"><img aria-describedby=\"caption-attachment-15359\" decoding=\"async\" loading=\"lazy\" class=\"size-full wp-image-15359\" src=\"https:\/\/www.lesbarres.com\/blog\/wp-content\/uploads\/2017\/11\/c3b6b5e012f69e46b6fee2181583b562eefb8e03.jpg\" alt=\"La grande salle du Loft Bastille \" width=\"700\" height=\"460\" srcset=\"https:\/\/www.lesbarres.com\/blog\/wp-content\/uploads\/2017\/11\/c3b6b5e012f69e46b6fee2181583b562eefb8e03.jpg 700w, https:\/\/www.lesbarres.com\/blog\/wp-content\/uploads\/2017\/11\/c3b6b5e012f69e46b6fee2181583b562eefb8e03-300x197.jpg 300w\" sizes=\"(max-width: 700px) 100vw, 700px\" \/><\/a><p id=\"caption-attachment-15359\" class=\"wp-caption-text\">La grande salle du Loft Bastille<\/p><\/div>\n<p>R\u00e9servation &amp; Infos : <span style=\"color: #0000ff;\"><a style=\"color: #0000ff;\" href=\"https:\/\/www.lesbarres.com\/etablissement\/le-loft-bastille\" target=\"_blank\"><strong>R\u00e9server le Loft Bastille<\/strong><\/a><\/span><\/p>\n<h2>8. Le Loft Galerie<\/h2>\n<p>14 bis rue du Docteur Gosselin, 94230 Cachan<\/p>\n<p>Le Loft Galerie propose un cadre intimiste et sympathique. Avec un espace de 130M\u00b2, ce lieu sans pr\u00e9tention et d\u00e9cor\u00e9 avec go\u00fbt se trouve aux portes de Paris et offre tout le n\u00e9cessaire pour organiser votre \u00e9v\u00e9nement. Id\u00e9al pour un cocktail entre coll\u00e8gues, c&rsquo;est d&rsquo;ailleurs la raison\u00a0pour laquelle le Loft Galerie fait partie de notre <a href=\"https:\/\/www.lesbarres.com\/top-reserver-privatiser-louer\/top-salles-pour-une-soiree-teambuilding-paris?_pn=3\" target=\"_blank\"><span style=\"color: #000000;\"><strong>top salle pour une soir\u00e9e Teambuilding<\/strong><\/span><\/a>.<\/p>\n<p>R\u00e9servation &amp; Infos : <span style=\"color: #0000ff;\"><strong><a style=\"color: #0000ff;\" href=\"https:\/\/www.lesbarres.com\/etablissement\/le-loft-galerie\" target=\"_blank\">R\u00e9server le Loft Galerie<\/a><\/strong><\/span><\/p>\n<h2>9. L&rsquo;Espace de R\u00e9ception Le Cirque<\/h2>\n<p>141 rue Saint Martin, 75004 Paris<\/p>\n<p>Avec sa grande verri\u00e8re faisant penser \u00e0 un chapiteau et l&rsquo;ambiance de f\u00eate qui y r\u00e8gne, Le Cirque met tout en oeuvre pour que votre projet reste grav\u00e9 dans les m\u00e9moires. Situ\u00e9 en face du Centre Pompidou dans le\u00a0<span style=\"color: #000000;\"><a style=\"color: #000000;\" href=\"https:\/\/www.lesbarres.com\/top-reserver-privatiser-louer\/top-salles-paris-4eme-75004\" target=\"_blank\"><strong>4\u00e8me arrondissement<\/strong><\/a><\/span>, le gigantesque espace de 250M\u00b2 de cet ancien h\u00f4tel particulier donnera \u00e0 votre \u00e9v\u00e9nement la grandeur qu&rsquo;il m\u00e9rite.<\/p>\n<div id=\"attachment_15360\" style=\"width: 710px\" class=\"wp-caption aligncenter\"><a href=\"https:\/\/www.lesbarres.com\/blog\/wp-content\/uploads\/2017\/11\/47c042c9447090c6fd4f7a9f5b163854bdb8357c.jpg\"><img aria-describedby=\"caption-attachment-15360\" decoding=\"async\" loading=\"lazy\" class=\"size-full wp-image-15360\" src=\"https:\/\/www.lesbarres.com\/blog\/wp-content\/uploads\/2017\/11\/47c042c9447090c6fd4f7a9f5b163854bdb8357c.jpg\" alt=\"La verri\u00e8re du Cirque \" width=\"700\" height=\"460\" srcset=\"https:\/\/www.lesbarres.com\/blog\/wp-content\/uploads\/2017\/11\/47c042c9447090c6fd4f7a9f5b163854bdb8357c.jpg 700w, https:\/\/www.lesbarres.com\/blog\/wp-content\/uploads\/2017\/11\/47c042c9447090c6fd4f7a9f5b163854bdb8357c-300x197.jpg 300w\" sizes=\"(max-width: 700px) 100vw, 700px\" \/><\/a><p id=\"caption-attachment-15360\" class=\"wp-caption-text\">La verri\u00e8re du Cirque<\/p><\/div>\n<p>R\u00e9servation et Infos : <span style=\"color: #0000ff;\"><strong><a style=\"color: #0000ff;\" href=\"https:\/\/www.lesbarres.com\/etablissement\/l-espace-reception-le-cirque\" target=\"_blank\">R\u00e9server L&rsquo;espace de R\u00e9ception Le Cirque<\/a><\/strong><\/span><\/p>\n<h2>10. Le Loft Roquette<\/h2>\n<p>42 rue de la Roquette, 75011 Paris<\/p>\n<p>A seulement quelques m\u00e8tre de <a href=\"https:\/\/www.lesbarres.com\/top-reserver-privatiser-louer\/top-bar-paris-bastille\" target=\"_blank\"><span style=\"color: #000000;\"><strong>la sulfureuse Rue de Lappe<\/strong><\/span><\/a> dans le quartier de Bastille, venez d\u00e9couvrir ce grand espace ouvert et lumineux qu&rsquo;est le Loft Roquette. Avec ses 100M\u00b2 et sa terrasse, il pourra ais\u00e9ment accueillir 40 \u00e0 80 invit\u00e9s, <a href=\"https:\/\/www.lesbarres.com\/blog\/meilleures-salles-de-mariage-a-paris\/\" target=\"_blank\"><span style=\"color: #000000;\"><strong>l&rsquo;id\u00e9al pour un mariage<\/strong><\/span><\/a> ou encore <a href=\"https:\/\/www.lesbarres.com\/top-reserver-privatiser-louer\/top-salles-pour-une-soiree-etudiante-paris\" target=\"_blank\"><strong><span style=\"color: #000000;\">une soir\u00e9e \u00e9tudiante<\/span><\/strong><\/a> !<\/p>\n<p>R\u00e9servation &amp; Infos : <span style=\"color: #0000ff;\"><strong><a style=\"color: #0000ff;\" href=\"https:\/\/www.lesbarres.com\/etablissement\/le-loft-roquette\" target=\"_blank\">R\u00e9server le Loft Roquette<\/a><\/strong><\/span><\/p>\n<h2>11. Le Loft Belmont<\/h2>\n<p>86 rue R\u00e9aumur, 75002 Paris<\/p>\n<p>Le Loft Belmont est une magnifique salle de r\u00e9ception avec un immense bar ainsi qu&rsquo;une mezzanine. Vous pourrez y r\u00e9aliser la soir\u00e9e de toutes vos envies gr\u00e2ce \u00e0 sa superficie de 250M\u00b2 modulable \u00e0 votre go\u00fbt. De plus, b\u00e9n\u00e9ficiez de notre offre sp\u00e9ciale en r\u00e9servant avec LesBarr\u00e9s.com !<\/p>\n<div id=\"attachment_15363\" style=\"width: 710px\" class=\"wp-caption aligncenter\"><a href=\"https:\/\/www.lesbarres.com\/blog\/wp-content\/uploads\/2017\/11\/77287c59eb8868efdf5a4d9c6a06394897a329e5.jpg\"><img aria-describedby=\"caption-attachment-15363\" decoding=\"async\" loading=\"lazy\" class=\"size-full wp-image-15363\" src=\"https:\/\/www.lesbarres.com\/blog\/wp-content\/uploads\/2017\/11\/77287c59eb8868efdf5a4d9c6a06394897a329e5.jpg\" alt=\"L'immense salle du Loft Belmont et sa mezzanine \" width=\"700\" height=\"460\" srcset=\"https:\/\/www.lesbarres.com\/blog\/wp-content\/uploads\/2017\/11\/77287c59eb8868efdf5a4d9c6a06394897a329e5.jpg 700w, https:\/\/www.lesbarres.com\/blog\/wp-content\/uploads\/2017\/11\/77287c59eb8868efdf5a4d9c6a06394897a329e5-300x197.jpg 300w\" sizes=\"(max-width: 700px) 100vw, 700px\" \/><\/a><p id=\"caption-attachment-15363\" class=\"wp-caption-text\">L&rsquo;immense salle du Loft Belmont et sa mezzanine<\/p><\/div>\n<p>R\u00e9servation et Infos : <span style=\"color: #0000ff;\"><strong><a style=\"color: #0000ff;\" href=\"https:\/\/www.lesbarres.com\/etablissement\/le-loft-belmont\" target=\"_blank\">R\u00e9server le Loft Belmont\u00a0<\/a><\/strong><\/span><\/p>\n<p style=\"text-align: center;\">\u2014\u2014\u2014\u2014\u2014\u2014\u2014\u2014<\/p>\n<h2 style=\"text-align: justify;\"><a href=\"https:\/\/www.lesbarres.com\/top-paris-reserver-privatiser-restaurant\" target=\"_blank\" data-caption=\"\"><img decoding=\"async\" loading=\"lazy\" class=\"aligncenter wp-image-14569 size-full\" title=\"R\u00e9servez un restaurant avec terrasse \u00e0 Paris\" src=\"https:\/\/www.lesbarres.com\/blog\/wp-content\/uploads\/2017\/02\/Paris_Restaurant-e1496849831358.png\" alt=\"Paris_Restaurant\" width=\"393\" height=\"49\" \/><\/a><\/h2>\n<p style=\"text-align: center;\">\u2014\u2014\u2014\u2014\u2014\u2014\u2014\u2014<\/p>\n<p style=\"text-align: left;\">Si vous d\u00e9sirez b\u00e9n\u00e9ficier de nos conseils pour trouver\u00a0une p\u00e9niche<b>\u00a0<\/b>adapt\u00e9e \u00e0 votre projet, n\u2019h\u00e9sitez pas \u00e0 contacter notre conciergerie en ligne, accessible par t\u00e9l\u00e9phone (01 85 09 73 37), mail (contact@lesbarres.com) ou par chat int\u00e9gr\u00e9.<\/p>\n<p style=\"text-align: center;\">Rejoignez nous sur\u00a0<strong><a href=\"https:\/\/www.facebook.com\/Lesbarres.com.barclub\" target=\"_blank\">Facebook<\/a><\/strong>,\u00a0<strong><a href=\"https:\/\/twitter.com\/lesbarres\" target=\"_blank\">Twitter<\/a><\/strong>\u00a0ou encore\u00a0<strong><a href=\"https:\/\/www.instagram.com\/lesbarresoff\/\" target=\"_blank\">Instagram<\/a><\/strong>.<\/p>\n","protected":false},"excerpt":{"rendered":"<p>Envie de passer une soir\u00e9e conviviale\u00a0dans un cadre chaleureux, intimiste et si possible avec une belle vue ? LesBarr\u00e9s ont ce qu&rsquo;il vous faut ! Gr\u00e2ce \u00e0 notre Top des Lofts \u00e0 Paris, d\u00e9couvrez les espaces les plus branch\u00e9s de la capitale et ses alentours. Offrez-vous la possibilit\u00e9 d&rsquo;organiser un \u00e9v\u00e9nement hors du commun. Si [&hellip;]<\/p>\n","protected":false},"author":2,"featured_media":0,"comment_status":"open","ping_status":"open","sticky":false,"template":"","format":"standard","meta":[],"categories":[348,73],"tags":[60,45,52,47,38,351,40,168,46],"_links":{"self":[{"href":"https:\/\/www.lesbarres.com\/blog\/wp-json\/wp\/v2\/posts\/15346"}],"collection":[{"href":"https:\/\/www.lesbarres.com\/blog\/wp-json\/wp\/v2\/posts"}],"about":[{"href":"https:\/\/www.lesbarres.com\/blog\/wp-json\/wp\/v2\/types\/post"}],"author":[{"embeddable":true,"href":"https:\/\/www.lesbarres.com\/blog\/wp-json\/wp\/v2\/users\/2"}],"replies":[{"embeddable":true,"href":"https:\/\/www.lesbarres.com\/blog\/wp-json\/wp\/v2\/comments?post=15346"}],"version-history":[{"count":7,"href":"https:\/\/www.lesbarres.com\/blog\/wp-json\/wp\/v2\/posts\/15346\/revisions"}],"predecessor-version":[{"id":16431,"href":"https:\/\/www.lesbarres.com\/blog\/wp-json\/wp\/v2\/posts\/15346\/revisions\/16431"}],"wp:attachment":[{"href":"https:\/\/www.lesbarres.com\/blog\/wp-json\/wp\/v2\/media?parent=15346"}],"wp:term":[{"taxonomy":"category","embeddable":true,"href":"https:\/\/www.lesbarres.com\/blog\/wp-json\/wp\/v2\/categories?post=15346"},{"taxonomy":"post_tag","embeddable":true,"href":"https:\/\/www.lesbarres.com\/blog\/wp-json\/wp\/v2\/tags?post=15346"}],"curies":[{"name":"wp","href":"https:\/\/api.w.org\/{rel}","templated":true}]}}