{"id":14798,"date":"2019-06-04T12:49:25","date_gmt":"2019-06-04T11:49:25","guid":{"rendered":"https:\/\/www.lesbarres.com\/blog\/?p=14798"},"modified":"2019-06-04T12:49:25","modified_gmt":"2019-06-04T11:49:25","slug":"les-flots","status":"publish","type":"post","link":"https:\/\/www.lesbarres.com\/blog\/les-flots\/","title":{"rendered":"Les Flots"},"content":{"rendered":"<p style=\"text-align: justify;\">12 Port de la Rap\u00e9e, 75012 Paris<\/p>\n<p style=\"text-align: justify;\"><a href=\"https:\/\/www.lesbarres.com\/Paris\" target=\"_blank\" data-caption=\"\"><img decoding=\"async\" loading=\"lazy\" class=\"aligncenter wp-image-14437\" title=\"Louer une p\u00e9niche \u00e0 Paris\" src=\"https:\/\/www.lesbarres.com\/blog\/wp-content\/uploads\/2017\/05\/Paris_Bar1.png\" alt=\"Paris_Bar\" width=\"393\" height=\"49\" srcset=\"https:\/\/www.lesbarres.com\/blog\/wp-content\/uploads\/2017\/05\/Paris_Bar1.png 690w, https:\/\/www.lesbarres.com\/blog\/wp-content\/uploads\/2017\/05\/Paris_Bar1-300x37.png 300w\" sizes=\"(max-width: 393px) 100vw, 393px\" \/><\/a><\/p>\n<p style=\"text-align: justify;\">Parmi les <span style=\"text-decoration: underline;\"><span style=\"color: #0000ff;\"><a style=\"color: #0000ff; text-decoration: underline;\" href=\"https:\/\/www.lesbarres.com\/top-reserver-privatiser-louer\/top-bar-paris12-75012\">bars r\u00e9servables du 12eme arrondissement<\/a><\/span><\/span>, on trouve la magnifique p\u00e9niche:\u00a0<span style=\"text-decoration: underline; color: #0000ff;\"><a href=\"https:\/\/www.lesbarres.com\/etablissement\/les-flots\">Les Flots<\/a>\u00a0<\/span><span style=\"color: #000000;\">c&rsquo;est un<\/span>\u00a0<span style=\"color: #000000;\"><span style=\"text-decoration: underline; color: #0000ff;\"><a style=\"color: #0000ff; text-decoration: underline;\" href=\"https:\/\/www.lesbarres.com\/top-reserver-privatiser-louer\/top-bars-restaurants-paris?_pn=8\">bar-restaurant\u00a0parisien privatisable<\/a><\/span><span style=\"color: #000000;\">.<\/span>\u00a0<\/span>Ce navire dispose d\u2019une capacit\u00e9 d\u2019accueil total importante allant jusqu&rsquo;\u00e0 400 personnes debout et 300 personnes assises ainsi vous permettant de r\u00e9aliser tous types d&rsquo;\u00e9v\u00e9nements dans un cadre id\u00e9al avec une cale ouvrante, parfait pour les soir\u00e9es organis\u00e9es lorsqu&rsquo;il fait beau. Cet \u00e9tablissement est notamment \u00e9quip\u00e9 d\u2019un \u00e9cran, d\u2019un vid\u00e9oprojecteur, d\u2019une r\u00e9gie son et lumi\u00e8re afin d\u2019accueillir vos soir\u00e9es priv\u00e9es et professionnelles au bord de la Seine.<\/p>\n<p style=\"text-align: justify;\"><a href=\"https:\/\/www.lesbarres.com\/etablissement\/les-flots\"><span style=\"text-decoration: underline; color: #0000ff;\">Les Flots<\/span><\/a> est compos\u00e9 d\u2019une grande terrasse de 200m\u00b2, fleurie avec des plantes tropicales et \u00e9clair\u00e9e gr\u00e2ce \u00e0 des guirlandes vous plongeant dans une ambiance festive et originale. Et si vous jetiez un coup d&rsquo;\u0153il \u00e0 notre <span style=\"text-decoration: underline;\"><span style=\"color: #0000ff;\"><a style=\"color: #0000ff; text-decoration: underline;\" href=\"https:\/\/www.lesbarres.com\/top-reserver-privatiser-louer\/top-bar-paris-terrasse\">liste de \u00a0top bar avec terrasse\u00a0sur Paname<\/a><\/span><\/span>\u00a0!<\/p>\n<div id=\"attachment_14800\" style=\"width: 650px\" class=\"wp-caption aligncenter\"><a href=\"https:\/\/www.lesbarres.com\/blog\/wp-content\/uploads\/2017\/09\/les-Flots-4.jpg\"><img aria-describedby=\"caption-attachment-14800\" decoding=\"async\" loading=\"lazy\" class=\"size-full wp-image-14800\" src=\"https:\/\/www.lesbarres.com\/blog\/wp-content\/uploads\/2017\/09\/les-Flots-4.jpg\" alt=\"Les Flots bar \" width=\"640\" height=\"480\" srcset=\"https:\/\/www.lesbarres.com\/blog\/wp-content\/uploads\/2017\/09\/les-Flots-4.jpg 640w, https:\/\/www.lesbarres.com\/blog\/wp-content\/uploads\/2017\/09\/les-Flots-4-300x225.jpg 300w\" sizes=\"(max-width: 640px) 100vw, 640px\" \/><\/a><p id=\"caption-attachment-14800\" class=\"wp-caption-text\">Les Flots bar<\/p><\/div>\n<p style=\"text-align: justify;\">Au sous-sol se trouve une grande piste danse. Au 1<sup>er<\/sup>\u00a0 \u00e9tage: une salle table\/ restaurant vous accueille dans un d\u00e9cor cosy-chic en bois. N\u2019h\u00e9sitez pas \u00e0 consulter notre <span style=\"text-decoration: underline;\"><span style=\"color: #0000ff; text-decoration: underline;\"><a style=\"color: #0000ff; text-decoration: underline;\" href=\"https:\/\/www.lesbarres.com\/top-reserver-privatiser-louer\/top-peniches-a-louer-paris\">top\u00a0des p\u00e9niches\u00a0r\u00e9servable<\/a>s<\/span><\/span><span style=\"color: #0000ff;\">\u00a0<\/span>\u00e0\u00a0Paris capable d\u2019accueillir vos r\u00e9ceptions.<\/p>\n<p style=\"text-align: justify;\">Lieu id\u00e9al pour recevoir vos \u00e9v\u00e9nements dans une ambiance chaleureuse, avec diff\u00e9rents espaces (3 \u00e9tages) que vous pouvez utiliser \u00e0 votre convenance afin de parfaire votre soir\u00e9e. En effet avec cet grand espace \u00e0 votre disposition c&rsquo;est parfait pour <a href=\"https:\/\/www.lesbarres.com\/top-reserver-privatiser-louer\/top-salles-pour-un-anniversaire-paris?_pn=5\"><span style=\"text-decoration: underline; color: #0000ff;\">les anniversaires<\/span><\/a>, <span style=\"color: #0000ff;\"><a style=\"color: #0000ff; text-decoration: underline;\" href=\"https:\/\/www.lesbarres.com\/top-reserver-privatiser-louer\/top-bars-soirees-entreprises-paris\">les soir\u00e9es d&rsquo;entreprise<\/a><\/span> ou bien encore <a href=\"https:\/\/www.lesbarres.com\/top-reserver-privatiser-louer\/top-bars-soirees-etudiantes-paris\"><span style=\"text-decoration: underline;\"><span style=\"color: #0000ff; text-decoration: underline;\">les soir\u00e9es \u00e9tudiants<\/span><\/span><\/a>.<\/p>\n<p style=\"text-align: justify;\">Vous organisez un \u00e9v\u00e9nement et vous \u00eates un perdu, surtout pas de panique il y&rsquo;a notre <span style=\"text-decoration: underline;\"><span style=\"color: #0000ff; text-decoration: underline;\"><a style=\"color: #0000ff; text-decoration: underline;\" href=\"https:\/\/www.lesbarres.com\/top-paris-reserver-privatiser-salle\">top de salle \u00e0 louer<\/a><\/span><\/span><span style=\"color: #000000;\">\u00a0et notre <span style=\"color: #0000ff;\"><a style=\"color: #0000ff;\" href=\"https:\/\/www.lesbarres.com\/top-reserver-privatiser-louer\/top-clubs-discotheques-paris\">top discoth\u00e8que\u00a0a louer<\/a><\/span>!<\/span><\/p>\n<p><a href=\"https:\/\/www.lesbarres.com\/Paris\" target=\"_blank\" data-caption=\"\"><img decoding=\"async\" loading=\"lazy\" class=\"aligncenter wp-image-14437\" title=\"Privatiser une salle id\u00e9ale pour les anniversaires \" src=\"https:\/\/www.lesbarres.com\/blog\/wp-content\/uploads\/2017\/05\/Paris_Bar1.png\" alt=\"Paris_Bar\" width=\"393\" height=\"49\" srcset=\"https:\/\/www.lesbarres.com\/blog\/wp-content\/uploads\/2017\/05\/Paris_Bar1.png 690w, https:\/\/www.lesbarres.com\/blog\/wp-content\/uploads\/2017\/05\/Paris_Bar1-300x37.png 300w\" sizes=\"(max-width: 393px) 100vw, 393px\" \/><\/a><\/p>\n<p>Si vous d\u00e9sirez b\u00e9n\u00e9ficier de nos conseils pour trouver\u00a0une p\u00e9niche<b>\u00a0<\/b>adapt\u00e9e \u00e0 votre projet, n\u2019h\u00e9sitez pas \u00e0 contacter notre conciergerie en ligne, accessible par t\u00e9l\u00e9phone (01 85 09 73 37), mail (contact@lesbarres.com) ou par chat int\u00e9gr\u00e9.<\/p>\n<p style=\"text-align: center;\">Rejoignez nous sur\u00a0<strong><a href=\"https:\/\/www.facebook.com\/Lesbarres.com.barclub\" target=\"_blank\">Facebook<\/a><\/strong>,\u00a0<strong><a href=\"https:\/\/twitter.com\/lesbarres\" target=\"_blank\">Twitter<\/a><\/strong>\u00a0ou encore\u00a0<strong><a href=\"https:\/\/www.instagram.com\/lesbarresoff\/\" target=\"_blank\">Instagram<\/a><\/strong>.<\/p>\n","protected":false},"excerpt":{"rendered":"<p>12 Port de la Rap\u00e9e, 75012 Paris Parmi les bars r\u00e9servables du 12eme arrondissement, on trouve la magnifique p\u00e9niche:\u00a0Les Flots\u00a0c&rsquo;est un\u00a0bar-restaurant\u00a0parisien privatisable.\u00a0Ce navire dispose d\u2019une capacit\u00e9 d\u2019accueil total importante allant jusqu&rsquo;\u00e0 400 personnes debout et 300 personnes assises ainsi vous permettant de r\u00e9aliser tous types d&rsquo;\u00e9v\u00e9nements dans un cadre id\u00e9al avec une cale ouvrante, parfait [&hellip;]<\/p>\n","protected":false},"author":2,"featured_media":14799,"comment_status":"open","ping_status":"open","sticky":false,"template":"","format":"standard","meta":[],"categories":[1],"tags":[],"_links":{"self":[{"href":"https:\/\/www.lesbarres.com\/blog\/wp-json\/wp\/v2\/posts\/14798"}],"collection":[{"href":"https:\/\/www.lesbarres.com\/blog\/wp-json\/wp\/v2\/posts"}],"about":[{"href":"https:\/\/www.lesbarres.com\/blog\/wp-json\/wp\/v2\/types\/post"}],"author":[{"embeddable":true,"href":"https:\/\/www.lesbarres.com\/blog\/wp-json\/wp\/v2\/users\/2"}],"replies":[{"embeddable":true,"href":"https:\/\/www.lesbarres.com\/blog\/wp-json\/wp\/v2\/comments?post=14798"}],"version-history":[{"count":7,"href":"https:\/\/www.lesbarres.com\/blog\/wp-json\/wp\/v2\/posts\/14798\/revisions"}],"predecessor-version":[{"id":15081,"href":"https:\/\/www.lesbarres.com\/blog\/wp-json\/wp\/v2\/posts\/14798\/revisions\/15081"}],"wp:featuredmedia":[{"embeddable":true,"href":"https:\/\/www.lesbarres.com\/blog\/wp-json\/wp\/v2\/media\/14799"}],"wp:attachment":[{"href":"https:\/\/www.lesbarres.com\/blog\/wp-json\/wp\/v2\/media?parent=14798"}],"wp:term":[{"taxonomy":"category","embeddable":true,"href":"https:\/\/www.lesbarres.com\/blog\/wp-json\/wp\/v2\/categories?post=14798"},{"taxonomy":"post_tag","embeddable":true,"href":"https:\/\/www.lesbarres.com\/blog\/wp-json\/wp\/v2\/tags?post=14798"}],"curies":[{"name":"wp","href":"https:\/\/api.w.org\/{rel}","templated":true}]}}