{"id":14719,"date":"2017-07-21T16:29:48","date_gmt":"2017-07-21T15:29:48","guid":{"rendered":"https:\/\/www.lesbarres.com\/blog\/?p=14719"},"modified":"2017-09-29T12:16:40","modified_gmt":"2017-09-29T11:16:40","slug":"ete-de-levallois-bar-terrasse-paris","status":"publish","type":"post","link":"https:\/\/www.lesbarres.com\/blog\/ete-de-levallois-bar-terrasse-paris\/","title":{"rendered":"L&rsquo;\u00e9t\u00e9 de Levallois"},"content":{"rendered":"<p style=\"text-align: justify;\">47 quai de Charles Pasqua 92300 Levallois-Perret<\/p>\n<p style=\"text-align: justify;\">Ouverture\u00a0: jeudi et vendredi 18h \u00e0 minuit, samedi\u00a015h \u00e0 minuit, dimanche 15h \u00e0 19h<\/p>\n<p style=\"text-align: justify;\"><em><strong>Promo<\/strong> : 5\u20ac la pinte via <strong><a href=\"https:\/\/www.lesbarres.com\" target=\"_blank\">LesBarr\u00e9s.com<\/a><\/strong><\/em><\/p>\n<p style=\"text-align: justify;\"><a href=\"https:\/\/www.lesbarres.com\/Paris\" target=\"_blank\"><img decoding=\"async\" loading=\"lazy\" class=\"aligncenter wp-image-14443 size-full\" title=\"Louer un bar parisien pour un afterwork\" src=\"https:\/\/www.lesbarres.com\/blog\/wp-content\/uploads\/2015\/04\/Paris_Bar-e1496142178153.png\" alt=\"Paris_Bar\" width=\"393\" height=\"49\" \/><\/a><\/p>\n<p style=\"text-align: justify;\"><span style=\"color: #000000;\">Vous cherchez un air de vacances\u00a0? Vous avez envie de vous d\u00e9tendre sur du sable, des transats, sous des parasols et avec un cocktail \u00e0 la main\u00a0? Alors, allez vite \u00e0 l\u2019Et\u00e9 de Levallois\u00a0! C\u2019est le deuxi\u00e8me \u00e9t\u00e9 que ce <strong><a style=\"color: #000000;\" href=\"https:\/\/www.lesbarres.com\/top-reserver-privatiser-louer\/top-bars-insolites-paris\" target=\"_blank\">lieu \u00e9ph\u00e9m\u00e8re<\/a> <\/strong>s\u2019installe \u00e0 Levallois-Perret, sur la terrasse\u00a0du <strong><a style=\"color: #000000;\" href=\"https:\/\/www.lesbarres.com\/etablissement\/le-polpo\" target=\"_blank\">Polpo<\/a><\/strong>. Le cadre est parfait\u00a0et on s\u2019y sent presque comme sur une plage de la C\u00f4te d\u2019Azur. Le sable et les transats sont vraiment appr\u00e9ciable pour s\u2019y pr\u00e9lasser en <strong><a style=\"color: #000000;\" href=\"https:\/\/www.lesbarres.com\/top-reserver-privatiser-louer\/top-bars-afterwork-paris\" target=\"_blank\">afterwork <\/a><\/strong>ou pour <strong><a style=\"color: #000000;\" href=\"https:\/\/www.lesbarres.com\/top-reserver-privatiser-louer\/top-bars-anniversaire-30-ans-paris\" target=\"_blank\">f\u00eater son anniversaire<\/a><\/strong> avec tous ses amis.<\/span><\/p>\n<p style=\"text-align: justify;\"><span style=\"color: #000000;\">Avant ou apr\u00e8s avoir bronz\u00e9, l\u2019\u00e9quipe d\u2019Atypik Workshops propose le dimanche matin et le lundi soir des <strong><a style=\"color: #000000;\" href=\"https:\/\/www.lesbarres.com\/top-reserver-privatiser-louer\/top-bars-jeux-activites-paris\" target=\"_blank\">s\u00e9ances de Yoga<\/a><\/strong>, pour \u00e9vacuer tout le stress cumul\u00e9 pendant l\u2019ann\u00e9e et vraiment profiter en \u00e9tant pleinement d\u00e9tendu.<\/span><\/p>\n<div id=\"attachment_14725\" style=\"width: 970px\" class=\"wp-caption aligncenter\"><a href=\"https:\/\/www.lesbarres.com\/blog\/wp-content\/uploads\/2017\/07\/L\u00e9t\u00e9-de-levallois.jpg\"><img aria-describedby=\"caption-attachment-14725\" decoding=\"async\" loading=\"lazy\" class=\"size-full wp-image-14725\" src=\"https:\/\/www.lesbarres.com\/blog\/wp-content\/uploads\/2017\/07\/L\u00e9t\u00e9-de-levallois.jpg\" alt=\"L'\u00e9t\u00e9 de Levallois le soir\" width=\"960\" height=\"640\" srcset=\"https:\/\/www.lesbarres.com\/blog\/wp-content\/uploads\/2017\/07\/L\u00e9t\u00e9-de-levallois.jpg 960w, https:\/\/www.lesbarres.com\/blog\/wp-content\/uploads\/2017\/07\/L\u00e9t\u00e9-de-levallois-300x200.jpg 300w\" sizes=\"(max-width: 960px) 100vw, 960px\" \/><\/a><p id=\"caption-attachment-14725\" class=\"wp-caption-text\">L&rsquo;\u00e9t\u00e9 de Levallois le soir<\/p><\/div>\n<p style=\"text-align: justify;\"><span style=\"color: #000000;\">Cette terrasse est donc transform\u00e9e en une grande plage. Du jeudi au samedi, des <strong><a style=\"color: #000000;\" href=\"https:\/\/www.lesbarres.com\/top-reserver-privatiser-louer\/top-bars-avec-dj-paris\" target=\"_blank\">Djs<\/a><\/strong> viennent mettre l\u2019ambiance pendant votre soir\u00e9e tandis que vous savourerez un panini ou une petite glace. C\u2019est le traiteur Zoone qui a en charge de r\u00e9galer tous les visiteurs de cette plage parisienne. En plus des paninis, vous trouverez \u00e9galement des planches de charcuterie et de fromage et m\u00eame des plateaux d\u2019hu\u00eetres pour encore plus s\u2019imaginer sur la c\u00f4te.<\/span><\/p>\n<p style=\"text-align: center;\"><span style=\"color: #0000ff;\"><strong><span style=\"text-decoration: underline;\"><a style=\"color: #0000ff; text-decoration: underline;\" href=\"https:\/\/www.lesbarres.com\/etablissement\/l-ete-de-levallois\" target=\"_blank\">R\u00e9server l&rsquo;\u00e9t\u00e9 de Levallois<\/a><\/span><\/strong><\/span><\/p>\n<p style=\"text-align: justify;\">Si vous d\u00e9sirez b\u00e9n\u00e9ficier de nos conseils pour trouver\u00a0un\u00a0<strong><a href=\"https:\/\/www.lesbarres.com\/top-paris-reserver-privatiser-bar\">bar<\/a><\/strong>, le plus adapt\u00e9 \u00e0 votre projet de sortie, afin de\u00a0<strong><a href=\"https:\/\/www.lesbarres.com\/top-paris-reserver-privatiser-bar\" target=\"_blank\">r\u00e9server ou\u00a0privatiser un bar \u00e0 Paris<\/a><\/strong><strong>\u00a0<\/strong>, n\u2019h\u00e9sitez pas \u00e0 contacter notre conciergerie en ligne, accessible par t\u00e9l\u00e9phone (01 85 09 73 37), mail (contact@lesbarres.com) ou par chat int\u00e9gr\u00e9.<\/p>\n<p style=\"text-align: center;\">Rejoignez nous sur\u00a0<strong><a href=\"https:\/\/www.facebook.com\/Lesbarres.com.barclub\" target=\"_blank\">Facebook<\/a><\/strong>,\u00a0<strong><a href=\"https:\/\/twitter.com\/lesbarres\" target=\"_blank\">Twitter<\/a><\/strong>\u00a0ou encore\u00a0<strong><a href=\"https:\/\/www.instagram.com\/lesbarresoff\/\" target=\"_blank\">Instagram<\/a><\/strong>.<\/p>\n","protected":false},"excerpt":{"rendered":"<p>47 quai de Charles Pasqua 92300 Levallois-Perret Ouverture\u00a0: jeudi et vendredi 18h \u00e0 minuit, samedi\u00a015h \u00e0 minuit, dimanche 15h \u00e0 19h Promo : 5\u20ac la pinte via LesBarr\u00e9s.com Vous cherchez un air de vacances\u00a0? Vous avez envie de vous d\u00e9tendre sur du sable, des transats, sous des parasols et avec un cocktail \u00e0 la main\u00a0? [&hellip;]<\/p>\n","protected":false},"author":2,"featured_media":14726,"comment_status":"open","ping_status":"open","sticky":false,"template":"","format":"standard","meta":[],"categories":[84,347,51,68],"tags":[],"_links":{"self":[{"href":"https:\/\/www.lesbarres.com\/blog\/wp-json\/wp\/v2\/posts\/14719"}],"collection":[{"href":"https:\/\/www.lesbarres.com\/blog\/wp-json\/wp\/v2\/posts"}],"about":[{"href":"https:\/\/www.lesbarres.com\/blog\/wp-json\/wp\/v2\/types\/post"}],"author":[{"embeddable":true,"href":"https:\/\/www.lesbarres.com\/blog\/wp-json\/wp\/v2\/users\/2"}],"replies":[{"embeddable":true,"href":"https:\/\/www.lesbarres.com\/blog\/wp-json\/wp\/v2\/comments?post=14719"}],"version-history":[{"count":12,"href":"https:\/\/www.lesbarres.com\/blog\/wp-json\/wp\/v2\/posts\/14719\/revisions"}],"predecessor-version":[{"id":15094,"href":"https:\/\/www.lesbarres.com\/blog\/wp-json\/wp\/v2\/posts\/14719\/revisions\/15094"}],"wp:featuredmedia":[{"embeddable":true,"href":"https:\/\/www.lesbarres.com\/blog\/wp-json\/wp\/v2\/media\/14726"}],"wp:attachment":[{"href":"https:\/\/www.lesbarres.com\/blog\/wp-json\/wp\/v2\/media?parent=14719"}],"wp:term":[{"taxonomy":"category","embeddable":true,"href":"https:\/\/www.lesbarres.com\/blog\/wp-json\/wp\/v2\/categories?post=14719"},{"taxonomy":"post_tag","embeddable":true,"href":"https:\/\/www.lesbarres.com\/blog\/wp-json\/wp\/v2\/tags?post=14719"}],"curies":[{"name":"wp","href":"https:\/\/api.w.org\/{rel}","templated":true}]}}