{"id":14631,"date":"2017-06-20T12:06:29","date_gmt":"2017-06-20T11:06:29","guid":{"rendered":"https:\/\/www.lesbarres.com\/blog\/?p=14631"},"modified":"2017-09-29T12:32:07","modified_gmt":"2017-09-29T11:32:07","slug":"jardins-du-pont-neuf-paris","status":"publish","type":"post","link":"https:\/\/www.lesbarres.com\/blog\/jardins-du-pont-neuf-paris\/","title":{"rendered":"Les Jardins du Pont Neuf"},"content":{"rendered":"<p style=\"text-align: justify;\"><em>Quai de l&rsquo;Horloge, 75001 Paris<\/em><\/p>\n<p style=\"text-align: justify;\"><a href=\"https:\/\/www.lesbarres.com\/Paris\" target=\"_blank\"><img decoding=\"async\" loading=\"lazy\" class=\"aligncenter wp-image-14437\" title=\"Privatiser un bar atypique \u00e0 Paris \" src=\"https:\/\/www.lesbarres.com\/blog\/wp-content\/uploads\/2017\/05\/Paris_Bar1.png\" alt=\"Paris_Bar\" width=\"393\" height=\"49\" srcset=\"https:\/\/www.lesbarres.com\/blog\/wp-content\/uploads\/2017\/05\/Paris_Bar1.png 690w, https:\/\/www.lesbarres.com\/blog\/wp-content\/uploads\/2017\/05\/Paris_Bar1-300x37.png 300w\" sizes=\"(max-width: 393px) 100vw, 393px\" \/><\/a><\/p>\n<p style=\"text-align: justify;\"><span style=\"color: #000000;\">Install\u00e9e\u00a0sur la Seine \u00e0\u00a0l&rsquo;\u00cele de la Cit\u00e9, Les Jardins du Pont Neuf est une nouvelle barge qui propose un espace de r\u00e9ception de 500 m2, dans le <strong><a href=\"https:\/\/www.lesbarres.com\/top-reserver-privatiser-louer\/top-salles-paris-1er-75001\" target=\"_blank\">1er arrondissement de Paris<\/a><\/strong>.\u00a0<\/span><span style=\"color: #000000;\">Ce concept innovant de plate-forme flottante m\u00eale\u00a0\u00e9l\u00e9gance parisienne et confort.\u00a0Quasiment en dessous de la statue chevaleresque de Henri IV, cette barge de luxe ne ressemble \u00e0 aucun autre bateau ou <strong><a href=\"https:\/\/www.lesbarres.com\/top-reserver-privatiser-louer\/top-peniches-a-louer-paris\" target=\"_blank\">p\u00e9niche<\/a><\/strong> navigant sur le fleuve de la capitale.<\/span><\/p>\n<p style=\"text-align: justify;\"><span style=\"color: #000000;\">Ce lieu sp\u00e9cialis\u00e9 dans la r\u00e9ception et l&rsquo;\u00e9v\u00e8nementiel vous surprendra de part son design et de ses \u00e9quipements de derni\u00e8re technologie qu&rsquo;il propose.<\/span><\/p>\n<p style=\"text-align: justify;\"><span style=\"color: #000000;\">Les Jardins du Pont Neuf regorge de surprise, avec ses 2 v\u00e9randas chauff\u00e9es et sa\u00a0<strong><a href=\"https:\/\/www.lesbarres.com\/top-reserver-privatiser-louer\/top-bar-paris-terrasse\" target=\"_blank\">terrasse<\/a><\/strong> de 100 m2, avec\u00a0une capacit\u00e9 maximal de 400 personnes en <strong><a href=\"https:\/\/www.lesbarres.com\/top-reserver-privatiser-louer\/top-bar-paris-cocktails\" target=\"_blank\">cocktail<\/a><\/strong> et 220 en repas assis.\u00a0<\/span><\/p>\n<p style=\"text-align: justify;\"><span style=\"color: #000000;\">A l&rsquo;int\u00e9rieur, un salon orn\u00e9 de palmiers et de mobilier en rotin donne un charme fou \u00e0 ce <strong><a href=\"https:\/\/www.lesbarres.com\/top-reserver-privatiser-louer\/top-bars-insolites-paris\" target=\"_blank\">lieu atypique<\/a><\/strong>. Un somptueux arbre central en poli miroir dont le feuillage a \u00e9t\u00e9 sublim\u00e9 \u00e0 la feuille d&rsquo;or vient soigneusement couronner le tout.\u00a0<\/span><\/p>\n<div id=\"attachment_14634\" style=\"width: 810px\" class=\"wp-caption aligncenter\"><a href=\"https:\/\/www.lesbarres.com\/blog\/wp-content\/uploads\/2017\/06\/arbre-central.jpg\"><img aria-describedby=\"caption-attachment-14634\" decoding=\"async\" loading=\"lazy\" class=\"size-full wp-image-14634\" src=\"https:\/\/www.lesbarres.com\/blog\/wp-content\/uploads\/2017\/06\/arbre-central.jpg\" alt=\"L'arbre centrale en poli-miroir r\u00e9chauffe le tout dans des teintes cuivr\u00e9es\" width=\"800\" height=\"500\" srcset=\"https:\/\/www.lesbarres.com\/blog\/wp-content\/uploads\/2017\/06\/arbre-central.jpg 800w, https:\/\/www.lesbarres.com\/blog\/wp-content\/uploads\/2017\/06\/arbre-central-300x188.jpg 300w\" sizes=\"(max-width: 800px) 100vw, 800px\" \/><\/a><p id=\"caption-attachment-14634\" class=\"wp-caption-text\">L&rsquo;arbre centrale en poli-miroir r\u00e9chauffe le tout dans des teintes cuivr\u00e9es<\/p><\/div>\n<p style=\"text-align: justify;\"><span style=\"color: #000000;\">Un environnement original et v\u00e9g\u00e9tal con\u00e7u par le paysagiste Guillaume Le Jardinier.\u00a0<\/span><span style=\"color: #000000;\">Ce lieu luxueux est le QG des personnes issues de la mode, du luxe, de la com&rsquo; et de la pub. Une guest-list serr\u00e9e \u00e9tablie par Alexandre, le ma\u00eetre des soir\u00e9es festives de Paris. <\/span><\/p>\n<p style=\"text-align: justify;\"><span style=\"color: #000000;\">Pour\u00a0cette client\u00e8le de haut standing, Les Jardins du Pont Neuf\u00a0se doit d&rsquo;\u00eatre \u00e0 la hauteur dans la composition de son menu. Vous pourrez y d\u00e9guster de succulents <a href=\"https:\/\/www.lesbarres.com\/top-reserver-privatiser-louer\/top-bars-tapas-paris\" target=\"_blank\"><strong>tapas<\/strong><\/a> raffin\u00e9s, mais aussi des formules \u00ab\u00a0Pique-Nique Chic\u00a0\u00bb&#8230; Avec Fauchon R\u00e9ception comme partenaire pour le Gastronomie, vous pourrez d\u00e9guster des repas tr\u00e8s raffin\u00e9s avec\u00a0une vue imprenable devant l&rsquo;un des plus beaux ponts de <strong><a href=\"https:\/\/www.lesbarres.com\/Paris\" target=\"_blank\">Paris<\/a><\/strong> : le Pont-Neuf (qui est pour rappel le plus vieux pont de Paris).\u00a0<\/span><\/p>\n<div id=\"attachment_14635\" style=\"width: 810px\" class=\"wp-caption aligncenter\"><a href=\"https:\/\/www.lesbarres.com\/blog\/wp-content\/uploads\/2017\/06\/terrasse.jpg\"><img aria-describedby=\"caption-attachment-14635\" decoding=\"async\" loading=\"lazy\" class=\"size-full wp-image-14635\" src=\"https:\/\/www.lesbarres.com\/blog\/wp-content\/uploads\/2017\/06\/terrasse.jpg\" alt=\"La terrasse avec une somptueuse vue sur le Pont-Neuf \" width=\"800\" height=\"500\" srcset=\"https:\/\/www.lesbarres.com\/blog\/wp-content\/uploads\/2017\/06\/terrasse.jpg 800w, https:\/\/www.lesbarres.com\/blog\/wp-content\/uploads\/2017\/06\/terrasse-300x188.jpg 300w\" sizes=\"(max-width: 800px) 100vw, 800px\" \/><\/a><p id=\"caption-attachment-14635\" class=\"wp-caption-text\">La terrasse avec une somptueuse vue sur le Pont-Neuf<\/p><\/div>\n<p style=\"text-align: justify;\"><span style=\"color: #000000;\">Dans un d\u00e9cor pastoral et bucolique, vous passerez\u00a0des soir\u00e9es exceptionnelles. Entre\u00a0mariages, r\u00e9ceptions ou encore <strong><a href=\"https:\/\/www.lesbarres.com\/top-reserver-privatiser-louer\/top-salles-pour-une-soiree-d-entreprise-paris\" target=\"_blank\">s\u00e9minaires<\/a><\/strong>, Les Jardins du Pont Neuf vous feront passer un moment des plus d\u00e9paysants&#8230;\u00a0<\/span><\/p>\n<p style=\"text-align: justify;\"><span style=\"color: #000000;\">Toujours dans une ambiance chic et d\u00e9tendue, un tr\u00e8s coquet Riva nomm\u00e9 \u00ab\u00a0Aro Moi\u00a0\u00bb attend les clients qui souhaitent profiter du beau temps et de la Seine. Il se tranforme en navette de luxe le temps d&rsquo;une croisi\u00e8re \u00e0 la tomb\u00e9e de la nuit autour d&rsquo;un ap\u00e9ritif raffin\u00e9.\u00a0<\/span><\/p>\n<p style=\"text-align: justify;\"><a href=\"https:\/\/www.lesbarres.com\/Paris\" target=\"_blank\"><img decoding=\"async\" loading=\"lazy\" class=\"aligncenter wp-image-14437\" title=\"Louer une p\u00e9niche pour un \u00e9v\u00e9nement professionnel \" src=\"https:\/\/www.lesbarres.com\/blog\/wp-content\/uploads\/2017\/05\/Paris_Bar1.png\" alt=\"Paris_Bar\" width=\"393\" height=\"49\" srcset=\"https:\/\/www.lesbarres.com\/blog\/wp-content\/uploads\/2017\/05\/Paris_Bar1.png 690w, https:\/\/www.lesbarres.com\/blog\/wp-content\/uploads\/2017\/05\/Paris_Bar1-300x37.png 300w\" sizes=\"(max-width: 393px) 100vw, 393px\" \/><\/a><\/p>\n<p style=\"text-align: justify;\"><span style=\"color: #000000;\">Pour vos grands \u00e9v\u00e9nements, vous pourrez aussi <strong><a href=\"https:\/\/www.lesbarres.com\/top-paris-reserver-privatiser-bar\" target=\"_blank\">privatiser cette p\u00e9niche<\/a><\/strong> et faire votre soir\u00e9e sur mesure.<\/span><\/p>\n<p style=\"text-align: justify;\"><span style=\"color: #000000;\">Si vous d\u00e9sirez b\u00e9n\u00e9ficier de nos conseils pour trouver<\/span> <b><a href=\"https:\/\/www.lesbarres.com\/top-reserver-privatiser-louer\/top-peniches-a-louer-paris\" target=\"_blank\">une p\u00e9niche<\/a><\/b><span style=\"color: #000000;\">, la plus adapt\u00e9 \u00e0 votre projet de sortie, afin de<\/span>\u00a0<strong><a href=\"https:\/\/www.lesbarres.com\/top-paris-reserver-privatiser-bar\" target=\"_blank\">r\u00e9server ou\u00a0privatiser un bar \u00e0 Paris<\/a><\/strong><strong>\u00a0<\/strong><span style=\"color: #000000;\">, n\u2019h\u00e9sitez pas \u00e0 contacter notre conciergerie en ligne, accessible par t\u00e9l\u00e9phone (01 85 09 73 37), mail (contact@lesbarres.com) ou par chat int\u00e9gr\u00e9.<\/span><\/p>\n<p style=\"text-align: justify;\"><span style=\"color: #000000;\">Rejoignez nous sur<\/span> <strong><a href=\"https:\/\/www.facebook.com\/Lesbarres.com.barclub\" target=\"_blank\">Facebook<\/a><\/strong>, <strong><a href=\"https:\/\/twitter.com\/lesbarres\" target=\"_blank\">Twitter<\/a><\/strong> <span style=\"color: #000000;\">ou encore<\/span> <strong><a href=\"https:\/\/www.instagram.com\/lesbarresoff\/\" target=\"_blank\">Instagram<\/a><\/strong>.<\/p>\n<p style=\"text-align: justify;\">\n","protected":false},"excerpt":{"rendered":"<p>Quai de l&rsquo;Horloge, 75001 Paris Install\u00e9e\u00a0sur la Seine \u00e0\u00a0l&rsquo;\u00cele de la Cit\u00e9, Les Jardins du Pont Neuf est une nouvelle barge qui propose un espace de r\u00e9ception de 500 m2, dans le 1er arrondissement de Paris.\u00a0Ce concept innovant de plate-forme flottante m\u00eale\u00a0\u00e9l\u00e9gance parisienne et confort.\u00a0Quasiment en dessous de la statue chevaleresque de Henri IV, cette [&hellip;]<\/p>\n","protected":false},"author":2,"featured_media":14633,"comment_status":"open","ping_status":"open","sticky":false,"template":"","format":"standard","meta":[],"categories":[1],"tags":[],"_links":{"self":[{"href":"https:\/\/www.lesbarres.com\/blog\/wp-json\/wp\/v2\/posts\/14631"}],"collection":[{"href":"https:\/\/www.lesbarres.com\/blog\/wp-json\/wp\/v2\/posts"}],"about":[{"href":"https:\/\/www.lesbarres.com\/blog\/wp-json\/wp\/v2\/types\/post"}],"author":[{"embeddable":true,"href":"https:\/\/www.lesbarres.com\/blog\/wp-json\/wp\/v2\/users\/2"}],"replies":[{"embeddable":true,"href":"https:\/\/www.lesbarres.com\/blog\/wp-json\/wp\/v2\/comments?post=14631"}],"version-history":[{"count":9,"href":"https:\/\/www.lesbarres.com\/blog\/wp-json\/wp\/v2\/posts\/14631\/revisions"}],"predecessor-version":[{"id":15107,"href":"https:\/\/www.lesbarres.com\/blog\/wp-json\/wp\/v2\/posts\/14631\/revisions\/15107"}],"wp:featuredmedia":[{"embeddable":true,"href":"https:\/\/www.lesbarres.com\/blog\/wp-json\/wp\/v2\/media\/14633"}],"wp:attachment":[{"href":"https:\/\/www.lesbarres.com\/blog\/wp-json\/wp\/v2\/media?parent=14631"}],"wp:term":[{"taxonomy":"category","embeddable":true,"href":"https:\/\/www.lesbarres.com\/blog\/wp-json\/wp\/v2\/categories?post=14631"},{"taxonomy":"post_tag","embeddable":true,"href":"https:\/\/www.lesbarres.com\/blog\/wp-json\/wp\/v2\/tags?post=14631"}],"curies":[{"name":"wp","href":"https:\/\/api.w.org\/{rel}","templated":true}]}}