{"id":14012,"date":"2017-04-03T10:32:33","date_gmt":"2017-04-03T09:32:33","guid":{"rendered":"https:\/\/www.lesbarres.com\/blog\/?p=14012"},"modified":"2017-09-29T13:16:32","modified_gmt":"2017-09-29T12:16:32","slug":"cafe-oz-paris","status":"publish","type":"post","link":"https:\/\/www.lesbarres.com\/blog\/cafe-oz-paris\/","title":{"rendered":"Les Caf\u00e9 Oz \u00e0 Paris"},"content":{"rendered":"<h2><strong>1- L&rsquo;historique<\/strong><\/h2>\n<p style=\"text-align: justify;\">Il y a plus de 20 ans, quatre Australiens, habitant en France, ont d\u00e9cid\u00e9 de cr\u00e9er un nouveau concept afin de ramener chez nous\u00a0un peu de l&rsquo;ambiance australienne et combler ainsi leur mal du pays. C&rsquo;est ainsi que le Caf\u00e9 Oz a vu\u00a0le jour : un <strong><a href=\"https:\/\/www.lesbarres.com\/top-paris-reserver-privatiser-bar\" target=\"_blank\">bar<\/a><\/strong>, <strong><a href=\"https:\/\/www.lesbarres.com\/top-reserver-privatiser-louer\/top-pubs-paris\" target=\"_blank\">pub<\/a><\/strong> et <strong><a href=\"https:\/\/www.lesbarres.com\/top-paris-reserver-privatiser-restaurant\" target=\"_blank\">restaurant<\/a><\/strong>\u00a0australien en France, orient\u00e9 vers la d\u00e9tente et la f\u00eate et dans lequel il est possible de <strong><a href=\"https:\/\/www.lesbarres.com\/top-reserver-privatiser-louer\/top-bars-pour-regarder-un-match-a-paris\" target=\"_blank\">regarder des retransmissions de matchs sportifs<\/a><\/strong> et profiter de <strong><a href=\"https:\/\/www.lesbarres.com\/top-reserver-privatiser-louer\/top-bars-avec-dj-paris\" target=\"_blank\">soir\u00e9es DJ \u00e0 th\u00e8mes<\/a><\/strong>.<\/p>\n<p style=\"text-align: justify;\">L&rsquo;\u00e9tablissement propose \u00e9galement de la cuisine australienne ainsi que des bi\u00e8res australiennes.<\/p>\n<p style=\"text-align: justify;\">Aujourd\u2019hui, l&rsquo;enseigne compte 3 \u00e9tablissements \u00e0 Paris : Grands Boulevards, Ch\u00e2telet et Denfert-Rochereau. Un quatri\u00e8me ouvrira le 12 avril ses portes \u00e0 la cit\u00e9 de la Mode et du Design : le Caf\u00e9 Oz Rooftop.<\/p>\n<h2 style=\"text-align: justify;\"><strong>2- Les informations utiles<\/strong><\/h2>\n<p style=\"text-align: justify;\">Les Caf\u00e9 Oz ne sont pas privatisables, \u00e0 quelques exceptions pr\u00e8s (cf Caf\u00e9 Oz Denfert Rochereau), pour un quelconque \u00e9v\u00e8nement cependant vous pouvez r\u00e9server un espace de plusieurs\u00a0tables pour <strong><a href=\"https:\/\/www.lesbarres.com\/top-reserver-privatiser-louer\/top-bars-anniversaire-30-ans-paris\" target=\"_blank\">c\u00e9l\u00e9brer un anniversaire<\/a><\/strong>, pour <strong><a href=\"https:\/\/www.lesbarres.com\/top-reserver-privatiser-louer\/top-bars-soirees-etudiantes-paris\" target=\"_blank\">organiser une soir\u00e9e \u00e9tudiante<\/a><\/strong>\u00a0ou encore <strong><a href=\"https:\/\/www.lesbarres.com\/top-reserver-privatiser-louer\/top-bars-teambuilding-paris?_pn=3&amp;_sb=n\" target=\"_blank\">une soir\u00e9e teambuilding<\/a>\u00a0<\/strong>par exemple.<\/p>\n<h2><strong>3- Pr\u00e9sentation des diff\u00e9rents \u00ab\u00a0Caf\u00e9 Oz\u00a0\u00bb \u00e0 Paris :<\/strong><\/h2>\n<ul>\n<li>\n<h3><strong>Le Caf\u00e9 Oz Ch\u00e2telet<\/strong><\/h3>\n<\/li>\n<\/ul>\n<p style=\"text-align: justify;\">18 rue Saint-Denis 75001 Paris<\/p>\n<p style=\"text-align: justify;\"><em><strong>Promo<\/strong> :\u00a0Prolongation de l&rsquo;happy hour jusqu&rsquo;\u00e0 22h via <strong><a href=\"https:\/\/www.lesbarres.com\/\" target=\"_blank\">LesBarres.com<\/a><\/strong> sur une s\u00e9lection de boissons.<\/em><\/p>\n<p style=\"text-align: justify;\"><span style=\"color: #000000;\">R\u00e9nov\u00e9 depuis peu, le\u00a0Caf\u00e9 Oz Ch\u00e2telet\u00a0est le <strong><a href=\"https:\/\/www.lesbarres.com\/top-reserver-privatiser-louer\/top-pubs-paris\" target=\"_blank\">pub id\u00e9al<\/a><\/strong> pour partager une soir\u00e9e avec vos amis ! Situ\u00e9 dans le <strong><a href=\"https:\/\/www.lesbarres.com\/top-reserver-privatiser-louer\/top-bar-paris1-75001\" target=\"_blank\">1er arrondissement de Paris<\/a>\u00a0<\/strong>dans le\u00a0<strong><a href=\"https:\/\/www.lesbarres.com\/top-reserver-privatiser-louer\/top-bar-paris-chatelet\" target=\"_blank\">quartier Ch\u00e2telet<\/a><\/strong>, vous pourrez savourer des bi\u00e8res, <strong><a href=\"https:\/\/www.lesbarres.com\/top-reserver-privatiser-louer\/top-bar-paris-cocktails\" target=\"_blank\">siroter des cocktails<\/a><\/strong>, shooters, manger des snacking, \u00e0 prix abordables ! Mais ce n&rsquo;est pas tout ! Equip\u00e9 d&rsquo;\u00e9crans g\u00e9ants HD, vous pourrez <strong><a href=\"https:\/\/www.lesbarres.com\/top-reserver-privatiser-louer\/top-bars-pour-regarder-un-match-a-paris\" target=\"_blank\">regarder un match sportif<\/a><\/strong>. \u00a0Des concerts live et des Djs sont pr\u00e9sents pour rendre votre soir\u00e9e folle et m\u00e9morable et pour vous permettre de bouger sur le dancefloor !! Les vendredis et les samedis soir, le OZ CLUB, situ\u00e9 au niveau inf\u00e9rieur, est disponible et d\u00e9di\u00e9 au clubbing, allez y mettre un pied !!<\/span><\/p>\n<p style=\"text-align: justify;\">Afin d&rsquo;immortaliser la soir\u00e9e, un photomaton est \u00e0 votre disposition pour garder un clich\u00e9 !<\/p>\n<p style=\"text-align: justify;\">Vous pouvez r\u00e9server quelques tables pour une capacit\u00e9 d&rsquo;accueil de 30 \u00e0 200 personnes.<\/p>\n<p style=\"text-align: justify;\"><strong>Tarifs : <\/strong>entr\u00e9e libre du dimanche au jeudi &#8211; 15 \u20ac avec une conso vendredi et samedi \u00e0 partir de 22h<\/p>\n<p style=\"text-align: justify;\"><span style=\"color: #0000ff;\"><a style=\"color: #0000ff;\" href=\"https:\/\/www.lesbarres.com\/etablissement\/le-cafe-oz-chatelet\" target=\"_blank\">R\u00e9server le Caf\u00e9 Oz Ch\u00e2telet<\/a><\/span>.<\/p>\n<div id=\"attachment_14039\" style=\"width: 710px\" class=\"wp-caption aligncenter\"><a href=\"https:\/\/www.lesbarres.com\/blog\/wp-content\/uploads\/2017\/03\/cafe-oz-chatelet-paris.jpg\"><img aria-describedby=\"caption-attachment-14039\" decoding=\"async\" loading=\"lazy\" class=\"size-full wp-image-14039\" src=\"https:\/\/www.lesbarres.com\/blog\/wp-content\/uploads\/2017\/03\/cafe-oz-chatelet-paris.jpg\" alt=\"Caf\u00e9 Oz Ch\u00e2telet \u00e0 Paris.\" width=\"700\" height=\"460\" srcset=\"https:\/\/www.lesbarres.com\/blog\/wp-content\/uploads\/2017\/03\/cafe-oz-chatelet-paris.jpg 700w, https:\/\/www.lesbarres.com\/blog\/wp-content\/uploads\/2017\/03\/cafe-oz-chatelet-paris-300x197.jpg 300w\" sizes=\"(max-width: 700px) 100vw, 700px\" \/><\/a><p id=\"caption-attachment-14039\" class=\"wp-caption-text\">Caf\u00e9 Oz Ch\u00e2telet \u00e0 Paris.<\/p><\/div>\n<ul>\n<li>\n<h3><strong>Le Caf\u00e9 Oz Grands Boulevards<\/strong><\/h3>\n<\/li>\n<\/ul>\n<p style=\"text-align: justify;\">8 boulevard Montmartre 75009 Paris<\/p>\n<p style=\"text-align: justify;\"><em><strong>Promo<\/strong> :\u00a0Prolongation de l&rsquo;happy hour jusqu&rsquo;\u00e0 22h via <strong><a href=\"https:\/\/www.lesbarres.com\/\" target=\"_blank\">LesBarres.com<\/a><\/strong> sur une s\u00e9lection de boissons.<\/em><\/p>\n<p style=\"text-align: justify;\">Situ\u00e9 au sein du <strong><a href=\"https:\/\/www.lesbarres.com\/top-reserver-privatiser-louer\/top-bar-paris-grands-boulevards\" target=\"_blank\">quartier des\u00a0Grands Boulevards<\/a><\/strong>, \u00e0 <strong><a href=\"https:\/\/www.lesbarres.com\/top-reserver-privatiser-louer\/top-bar-paris9-75009\" target=\"_blank\">Paris 9<\/a><\/strong>, le Caf\u00e9 Oz est un bar original, abordable et chaleureux, id\u00e9al pour prendre l\u2019ap\u00e9ro, se d\u00e9tendre en terrasse et siroter quelques verres. Vous pourrez \u00e9galement venir entre amis pour regarder une retransmission sportive, \u00a0<strong><a href=\"https:\/\/www.lesbarres.com\/top-reserver-privatiser-louer\/top-bars-ouverts-toute-la-nuit-paris\" target=\"_blank\">faire la f\u00eate jusqu&rsquo;au bout de la nuit<\/a><\/strong>,<strong>\u00a0<\/strong>gr\u00e2ce \u00e0 la musique mix\u00e9e par le DJ, du mercredi au samedi inclus \u00e0 partir de 22h00\u00a0!<\/p>\n<p style=\"text-align: justify;\">Vous pouvez r\u00e9server quelques tables pour une capacit\u00e9 d&rsquo;accueil de 30 \u00e0 300 personnes.<\/p>\n<p style=\"text-align: justify;\"><strong>Tarifs :<\/strong> entr\u00e9e libre du dimanche au jeudi, 10\u20ac avec conso le vendredi et samedi \u00e0 partir de 22h.<\/p>\n<p style=\"text-align: justify;\"><span style=\"color: #0000ff;\"><a style=\"color: #0000ff;\" href=\"https:\/\/www.lesbarres.com\/etablissement\/le-cafe-oz-grands-boulevards\" target=\"_blank\">R\u00e9server le Caf\u00e9 Oz Grands Boulevards<\/a><\/span>.<\/p>\n<div id=\"attachment_14040\" style=\"width: 710px\" class=\"wp-caption aligncenter\"><a href=\"https:\/\/www.lesbarres.com\/blog\/wp-content\/uploads\/2017\/03\/cafe-oz-grands-boulevards-paris.jpg\"><img aria-describedby=\"caption-attachment-14040\" decoding=\"async\" loading=\"lazy\" class=\"size-full wp-image-14040\" src=\"https:\/\/www.lesbarres.com\/blog\/wp-content\/uploads\/2017\/03\/cafe-oz-grands-boulevards-paris.jpg\" alt=\"Caf\u00e9 Oz Grands Boulevards \u00e0 Paris.\" width=\"700\" height=\"460\" srcset=\"https:\/\/www.lesbarres.com\/blog\/wp-content\/uploads\/2017\/03\/cafe-oz-grands-boulevards-paris.jpg 700w, https:\/\/www.lesbarres.com\/blog\/wp-content\/uploads\/2017\/03\/cafe-oz-grands-boulevards-paris-300x197.jpg 300w\" sizes=\"(max-width: 700px) 100vw, 700px\" \/><\/a><p id=\"caption-attachment-14040\" class=\"wp-caption-text\">Caf\u00e9 Oz Grands Boulevards \u00e0 Paris.<\/p><\/div>\n<p><a href=\"https:\/\/www.lesbarres.com\/paris\" target=\"_blank\"><img decoding=\"async\" loading=\"lazy\" class=\"aligncenter wp-image-14437 size-full\" title=\"Louer un bar \u00e0 Paris \" src=\"https:\/\/www.lesbarres.com\/blog\/wp-content\/uploads\/2017\/05\/Paris_Bar1.png\" alt=\"Paris_Bar\" width=\"690\" height=\"86\" srcset=\"https:\/\/www.lesbarres.com\/blog\/wp-content\/uploads\/2017\/05\/Paris_Bar1.png 690w, https:\/\/www.lesbarres.com\/blog\/wp-content\/uploads\/2017\/05\/Paris_Bar1-300x37.png 300w\" sizes=\"(max-width: 690px) 100vw, 690px\" \/><\/a><\/p>\n<ul>\n<li>\n<h3><strong>Le Caf\u00e9 Oz Denfert- Rochereau<\/strong><\/h3>\n<\/li>\n<\/ul>\n<p style=\"text-align: justify;\">3 Place Denfert-Rochereau 75014 Paris<\/p>\n<p style=\"text-align: justify;\"><em><strong>Promo<\/strong> :\u00a0Prolongation de l&rsquo;happy hour jusqu&rsquo;\u00e0 22h via <strong><a href=\"https:\/\/www.lesbarres.com\/\" target=\"_blank\">LesBarres.com<\/a><\/strong> sur une s\u00e9lection de boissons.<\/em><\/p>\n<p style=\"text-align: justify;\">Incontournable, le Caf\u00e9 Oz Denfert-Rochereau ne vous d\u00e9cevra pas ! Son ambiance in\u00e9galable et sa <strong><a href=\"https:\/\/www.lesbarres.com\/top-reserver-privatiser-louer\/top-bar-paris-terrasse\" target=\"_blank\">superbe et immense terrasse<\/a><\/strong> (une des plus grandes de Paris) rendront votre soir\u00e9e inoubliable et sensationnelle ! Ce lieu, situ\u00e9 dans le <strong><a href=\"https:\/\/www.lesbarres.com\/top-reserver-privatiser-louer\/top-bar-paris-denfert-rochereau\" target=\"_blank\">quartier Denfert-Rochereau<\/a><\/strong> \u00e0 <strong><a href=\"https:\/\/www.lesbarres.com\/top-reserver-privatiser-louer\/top-bar-paris14-75014\" target=\"_blank\">Paris 14<\/a><\/strong>, est parfait pour organiser vos soir\u00e9es de groupe gr\u00e2ce \u00e0 sa grande\u00a0salle principale, sa v\u00e9randa privatisable et ses 3 bars.<\/p>\n<p style=\"text-align: justify;\">A la fois, restaurant le midi et brunch le dimanche, vous pourrez manger des snacking et profiter d&rsquo;afterworks.<\/p>\n<p style=\"text-align: justify;\">Un DJ est pr\u00e9sent du mardi au samedi inclus \u00e0 partir de 22h et le jeudi d\u00e8s 20h pour l\u2019afterwork. Bref, un v\u00e9ritable club s&rsquo;offre \u00e0 vous d\u00e9s la tomb\u00e9e de la nuit !!<\/p>\n<p style=\"text-align: justify;\">Vous pouvez r\u00e9server quelques tables pour une capacit\u00e9 d&rsquo;accueil de 30 \u00e0 600 personnes.<\/p>\n<p style=\"text-align: justify;\">Vous avez la possibilit\u00e9 de privatiser la v\u00e9randa (30 \u00e0 80 personnes), du dimanche au mercredi : les conditions d\u00e9pendent d&rsquo;un certain nombre de crit\u00e8res (date, nombre de personnes, prestations recherch\u00e9es). C&rsquo;est pourquoi, nous ne pouvons indiquer les conditions mais vous pouvez en faire la demande soit via le bouton \u00ab\u00a0demande de devis \/ d&rsquo;information\u00a0\u00bb situ\u00e9 sur cette page soit via le num\u00e9ro de t\u00e9l\u00e9phone indiqu\u00e9 sur cette page pour la r\u00e9servation.<\/p>\n<p style=\"text-align: justify;\"><strong>Tarifs :\u00a0<\/strong>entr\u00e9e libre du dimanche au jeudi, 15\u20ac avec conso le vendredi et samedi \u00e0 partir de 21h<\/p>\n<p style=\"text-align: justify;\"><span style=\"color: #0000ff;\"><a style=\"color: #0000ff;\" href=\"https:\/\/www.lesbarres.com\/etablissement\/le-cafe-oz-denfert-rochereau\" target=\"_blank\">R\u00e9server le Caf\u00e9 Oz Denfert-Rochereau<\/a><\/span>.<\/p>\n<div id=\"attachment_14041\" style=\"width: 710px\" class=\"wp-caption aligncenter\"><a href=\"https:\/\/www.lesbarres.com\/blog\/wp-content\/uploads\/2017\/03\/cafe\u0301-oz-denfert-rochereau-paris.jpg\"><img aria-describedby=\"caption-attachment-14041\" decoding=\"async\" loading=\"lazy\" class=\"size-full wp-image-14041\" src=\"https:\/\/www.lesbarres.com\/blog\/wp-content\/uploads\/2017\/03\/cafe\u0301-oz-denfert-rochereau-paris.jpg\" alt=\"Caf\u00e9 Oz Denfert-Rochereau \u00e0 Paris.\" width=\"700\" height=\"460\" srcset=\"https:\/\/www.lesbarres.com\/blog\/wp-content\/uploads\/2017\/03\/cafe\u0301-oz-denfert-rochereau-paris.jpg 700w, https:\/\/www.lesbarres.com\/blog\/wp-content\/uploads\/2017\/03\/cafe\u0301-oz-denfert-rochereau-paris-300x197.jpg 300w\" sizes=\"(max-width: 700px) 100vw, 700px\" \/><\/a><p id=\"caption-attachment-14041\" class=\"wp-caption-text\">Caf\u00e9 Oz Denfert-Rochereau \u00e0 Paris.<\/p><\/div>\n<div class=\"post-content\">\n<ul>\n<li>\n<h3><strong>Le Caf\u00e9 Oz\u00a0Rooftop<\/strong><\/h3>\n<\/li>\n<\/ul>\n<p style=\"text-align: justify;\">34 quai d&rsquo;Austerlitz\u00a075013 Paris &#8211; Cit\u00e9 de la Mode et du Design<\/p>\n<p style=\"text-align: justify;\">Le lieu ouvrira ses portes le 12 avril 2017. Nous vous en dirons plus \u00e0 ce moment l\u00e0.<\/p>\n<p style=\"text-align: justify;\">\u00a0Si vous d\u00e9sirez b\u00e9n\u00e9ficier de nos conseils pour trouver le <strong>Caf\u00e9 Oz \u00e0 Paris<\/strong>, le plus adapt\u00e9 \u00e0 votre projet de sortie, afin de\u00a0<strong><a href=\"https:\/\/www.lesbarres.com\/top-paris-reserver-privatiser-bar\" target=\"_blank\">r\u00e9server un bar \u00e0 Paris<\/a><\/strong>\u00a0ou <strong><a href=\"https:\/\/www.lesbarres.com\/top-paris-reserver-privatiser-bar\" target=\"_blank\">privatiser un bar \u00e0 Paris<\/a><\/strong>, n\u2019h\u00e9sitez pas \u00e0 contacter notre conciergerie en ligne, accessible par t\u00e9l\u00e9phone (01 85 09 73 37), mail (contact@lesbarres.com) ou par chat int\u00e9gr\u00e9.<\/p>\n<p style=\"text-align: center;\">Rejoignez nous sur <strong><a href=\"https:\/\/www.facebook.com\/Lesbarres.com.barclub\" target=\"_blank\">Facebook<\/a><\/strong>, <strong><a href=\"https:\/\/twitter.com\/lesbarres\" target=\"_blank\">Twitter<\/a><\/strong> ou encore <strong><a href=\"https:\/\/www.instagram.com\/lesbarresoff\/\" target=\"_blank\">Instagram<\/a><\/strong><\/p>\n<\/div>\n","protected":false},"excerpt":{"rendered":"<p>1- L&rsquo;historique Il y a plus de 20 ans, quatre Australiens, habitant en France, ont d\u00e9cid\u00e9 de cr\u00e9er un nouveau concept afin de ramener chez nous\u00a0un peu de l&rsquo;ambiance australienne et combler ainsi leur mal du pays. C&rsquo;est ainsi que le Caf\u00e9 Oz a vu\u00a0le jour : un bar, pub et restaurant\u00a0australien en France, orient\u00e9 [&hellip;]<\/p>\n","protected":false},"author":2,"featured_media":14036,"comment_status":"open","ping_status":"open","sticky":false,"template":"","format":"standard","meta":[],"categories":[92,51],"tags":[],"_links":{"self":[{"href":"https:\/\/www.lesbarres.com\/blog\/wp-json\/wp\/v2\/posts\/14012"}],"collection":[{"href":"https:\/\/www.lesbarres.com\/blog\/wp-json\/wp\/v2\/posts"}],"about":[{"href":"https:\/\/www.lesbarres.com\/blog\/wp-json\/wp\/v2\/types\/post"}],"author":[{"embeddable":true,"href":"https:\/\/www.lesbarres.com\/blog\/wp-json\/wp\/v2\/users\/2"}],"replies":[{"embeddable":true,"href":"https:\/\/www.lesbarres.com\/blog\/wp-json\/wp\/v2\/comments?post=14012"}],"version-history":[{"count":22,"href":"https:\/\/www.lesbarres.com\/blog\/wp-json\/wp\/v2\/posts\/14012\/revisions"}],"predecessor-version":[{"id":15133,"href":"https:\/\/www.lesbarres.com\/blog\/wp-json\/wp\/v2\/posts\/14012\/revisions\/15133"}],"wp:featuredmedia":[{"embeddable":true,"href":"https:\/\/www.lesbarres.com\/blog\/wp-json\/wp\/v2\/media\/14036"}],"wp:attachment":[{"href":"https:\/\/www.lesbarres.com\/blog\/wp-json\/wp\/v2\/media?parent=14012"}],"wp:term":[{"taxonomy":"category","embeddable":true,"href":"https:\/\/www.lesbarres.com\/blog\/wp-json\/wp\/v2\/categories?post=14012"},{"taxonomy":"post_tag","embeddable":true,"href":"https:\/\/www.lesbarres.com\/blog\/wp-json\/wp\/v2\/tags?post=14012"}],"curies":[{"name":"wp","href":"https:\/\/api.w.org\/{rel}","templated":true}]}}